[{"@context":"https:\/\/schema.org\/","@type":"Article","@id":"https:\/\/www.festigo.sk\/kultura-v-dnesnej-dobe\/#Article","mainEntityOfPage":"https:\/\/www.festigo.sk\/kultura-v-dnesnej-dobe\/","headline":"Kult\u00fara v dne\u0161nej dobe","name":"Kult\u00fara v dne\u0161nej dobe","description":"V\u00a0posledn\u00fdch rokoch sa toho ve\u013ea zmenilo. Zmenil sa \u017eivotn\u00fd \u0161t\u00fdl \u013eud\u00ed ale aj ich pr\u00edstup ku kult\u00fare. Niekedy bolo ove\u013ea viac be\u017enej\u0161ie, \u017ee \u013eudia nav\u0161tevovali divadlo alebo m\u00fazea, gal\u00e9rie \u010di r\u00f4zne vyst\u00fapenia. [&hellip;]","datePublished":"2025-02-23","dateModified":"2025-02-23","author":{"@type":"Person","@id":"https:\/\/www.festigo.sk\/author\/#Person","name":"","url":"https:\/\/www.festigo.sk\/author\/","identifier":1,"image":{"@type":"ImageObject","@id":"https:\/\/secure.gravatar.com\/avatar\/68b3ed45b3ae6ecdad6bfa25b4077e93536d7764172b2830acbdb661d7242512?s=96&d=mm&r=g","url":"https:\/\/secure.gravatar.com\/avatar\/68b3ed45b3ae6ecdad6bfa25b4077e93536d7764172b2830acbdb661d7242512?s=96&d=mm&r=g","height":96,"width":96}},"publisher":{"@type":"Organization","name":"festigo.sk","logo":{"@type":"ImageObject","@id":"\/logo.png","url":"\/logo.png","width":600,"height":60}},"image":{"@type":"ImageObject","@id":"https:\/\/www.festigo.sk\/wp-content\/uploads\/img_a300920_w16668_t1558369966.jpg","url":"https:\/\/www.festigo.sk\/wp-content\/uploads\/img_a300920_w16668_t1558369966.jpg","height":0,"width":0},"url":"https:\/\/www.festigo.sk\/kultura-v-dnesnej-dobe\/","about":["Kult\u00fara"],"wordCount":413,"articleBody":"V\u00a0posledn\u00fdch rokoch sa toho ve\u013ea zmenilo. Zmenil sa \u017eivotn\u00fd \u0161t\u00fdl \u013eud\u00ed ale aj ich pr\u00edstup ku kult\u00fare. Niekedy bolo ove\u013ea viac be\u017enej\u0161ie, \u017ee \u013eudia nav\u0161tevovali divadlo alebo m\u00fazea, gal\u00e9rie \u010di r\u00f4zne vyst\u00fapenia. Kult\u00fara teda mala v\u00e4\u010d\u0161\u00ed potenci\u00e1l na uplatnenie sa ako dnes. V\u00a0dne\u0161nej dobe si u\u017e len z\u00e1jdeme do kina, maxim\u00e1lne na nejak\u00fd koncert a\u00a0sem tam do divadla. Zmenil sa n\u00e1\u0161 \u0161t\u00fdl \u017eivota a\u00a0t\u00fdm ovplyv\u0148ujeme aj kult\u00faru a\u00a0pritom si to ani neuvedomujeme.Ovplyv\u0148ujeme ju hlavne finan\u010dne, ke\u010f\u017ee t\u00fdm, \u017ee o\u00a0\u0148u str\u00e1came z\u00e1ujem postupne zanik\u00e1. Samozrejme vy\u0161\u0161ie \u00fazemn\u00e9 celky podporuj\u00fa kult\u00farne podujatia a\u00a0organiz\u00e1cie. Do kult\u00fary patria aj kni\u017enice, \u010di pamiatky. Na Slovensku m\u00e1me ve\u013emi ve\u013ea pekn\u00fdch pamiatok, no v\u00f4bec si to neuvedomujeme. M\u00e1me kr\u00e1snu krajinu aj \u010do sa t\u00fdka pr\u00edrody. Pr\u00e1ve preto by sme mohli ove\u013ea viac tieto pamiatky nav\u0161tevova\u0165 a\u00a0urobi\u0165 si tak aj pekn\u00fd v\u00fdlet do pr\u00edrody.\u013dudia, ktor\u00fd pracuj\u00fa v\u00a0t\u00fdchto organiz\u00e1ci\u00e1ch \u010dasto dost\u00e1vaj\u00fa len minim\u00e1lne mzdy. Robia to v\u0161ak preto, \u017ee ich to bav\u00ed a\u00a0nap\u013a\u0148a. S\u00fa si vedom\u00ed hodnoty t\u00fdchto pamiatok a\u00a0taktie\u017e d\u00f4le\u017eitosti kult\u00fary. Povedzte \u00faprimne, kedy naposledy ste boli v\u00a0divadle? Ja teda u\u017e ve\u013emi dlho nie. Je to preto, \u017ee sme takto nau\u010den\u00fd. Jednoducho sme si na to nezvykli. Do divadla sme chodili iba zo \u0161kolou aj to ve\u013emi m\u00e1lo. To bola moja jedin\u00e1 sk\u00fasenos\u0165 s\u00a0t\u00fdmto druhom kult\u00fary.Ak by sme boli u\u017e od detstva veden\u00fd svojimi rodi\u010dmi k\u00a0tomuto ur\u010dite by sme mali in\u00fd postoj. Samozrejme spolo\u010dnos\u0165 sa vyv\u00edja a\u00a0je prirodzen\u00e9, \u017ee niektor\u00e9 veci upadaj\u00fa do zabudnutia. Je to prirodzen\u00fd posun vo v\u00fdvoji. Mohli by sme si e\u0161te aspo\u0148 raz za \u010das niekam z\u00e1js\u0165 aby sme podporili tieto organiz\u00e1cie. \u0160t\u00e1t s\u00e1m nezvl\u00e1da financova\u0165 v\u0161etky organiz\u00e1cie.Osobne som nav\u0161t\u00edvila oddelenie kult\u00fary a\u00a0zverili sa s\u00a0probl\u00e9mami a\u00a0zo zjavn\u00fdm nez\u00e1ujmom o\u00a0kult\u00faru. Taktie\u017e aj n\u00e1v\u0161tevnos\u0165 z\u00a0in\u00fdch \u0161t\u00e1tov je n\u00edzka. Ur\u010dite je tu priestor na zlep\u0161enie a\u00a0tak pril\u00e1kanie viacer\u00fdch \u013eud\u00ed.                                                                                                                                                                                                                                                                                                                                                                                        4\/5 - (6 votes)        "},{"@context":"https:\/\/schema.org\/","@type":"BreadcrumbList","itemListElement":[{"@type":"ListItem","position":1,"name":"Kult\u00fara v dne\u0161nej dobe","item":"https:\/\/www.festigo.sk\/kultura-v-dnesnej-dobe\/#breadcrumbitem"}]}]