[{"@context":"https:\/\/schema.org\/","@type":"Article","@id":"https:\/\/www.festigo.sk\/cierna-a-smutok\/#Article","mainEntityOfPage":"https:\/\/www.festigo.sk\/cierna-a-smutok\/","headline":"\u010cierna a sm\u00fatok","name":"\u010cierna a sm\u00fatok","description":"\u010cierna farba okrem elegancie vyvol\u00e1va aj pocit sm\u00fatku a jednoduchosti. Nikto sa nechce v \u010diernej predv\u00e1dza\u0165 v \u010dase, kedy sm\u00fati za bl\u00edzkym \u010dlovekom. Bohu\u017eia\u013e, \u017eivot ide \u010falej a \u0161aty, ktor\u00e9 na seba [&hellip;]","datePublished":"2025-02-24","dateModified":"2025-02-24","author":{"@type":"Person","@id":"https:\/\/www.festigo.sk\/author\/#Person","name":"","url":"https:\/\/www.festigo.sk\/author\/","identifier":1,"image":{"@type":"ImageObject","@id":"https:\/\/secure.gravatar.com\/avatar\/68b3ed45b3ae6ecdad6bfa25b4077e93536d7764172b2830acbdb661d7242512?s=96&d=mm&r=g","url":"https:\/\/secure.gravatar.com\/avatar\/68b3ed45b3ae6ecdad6bfa25b4077e93536d7764172b2830acbdb661d7242512?s=96&d=mm&r=g","height":96,"width":96}},"publisher":{"@type":"Organization","name":"festigo.sk","logo":{"@type":"ImageObject","@id":"\/logo.png","url":"\/logo.png","width":600,"height":60}},"image":{"@type":"ImageObject","@id":"https:\/\/www.festigo.sk\/wp-content\/uploads\/img_a297348_w16668_t1551018630.jpg","url":"https:\/\/www.festigo.sk\/wp-content\/uploads\/img_a297348_w16668_t1551018630.jpg","height":0,"width":0},"url":"https:\/\/www.festigo.sk\/cierna-a-smutok\/","about":["M\u00f3da\r"],"wordCount":419,"articleBody":"\u010cierna farba okrem elegancie vyvol\u00e1va aj pocit sm\u00fatku a jednoduchosti. Nikto sa nechce v \u010diernej predv\u00e1dza\u0165 v \u010dase, kedy sm\u00fati za bl\u00edzkym \u010dlovekom. Bohu\u017eia\u013e, \u017eivot ide \u010falej a \u0161aty, ktor\u00e9 na seba najbli\u017e\u0161\u00ed polrok oble\u010diete musia by\u0165 tmav\u00e9. Vysta\u010di\u0165 si so svoj\u00edm \u0161atn\u00edkom sa d\u00e1, ak v \u0148om m\u00e1te z\u00e1kladn\u00e9 k\u00fasky a neboj\u00edte sa kombinova\u0165. \u010co tak\u00e9 teda vybra\u0165?Z\u00e1kladn\u00e9 veci Medzi ne patria jednoduch\u00e9 k\u00fasky, ktor\u00e9 sa v na\u0161ej skrini pova\u013euj\u00fa bez vyu\u017eitia v\u00e4\u010d\u0161inou \u010dasu. \u010cierna bl\u00fazka, tri\u010dko a sveter, to je to, \u010do by ste mali doplni\u0165, ak to u\u017e nem\u00e1te. Samozrejmos\u0165ou by mal by\u0165 aj kost\u00fdm, ktor\u00fd by bol tmavej farby. Takto ho m\u00f4\u017eete kombinova\u0165 do ka\u017edodenn\u00e9ho outfitu. Barli\u010dkou s\u00fa aj \u010dierne leg\u00edny \u010di d\u017e\u00ednsy, ktor\u00e9 sa daj\u00fa nosi\u0165 dennodenne bez toho, aby sa n\u00e1m zdali nevhodn\u00e9. Pre mu\u017eov je potrebn\u00fd takisto kost\u00fdm, aj \u010dierne tri\u010dk\u00e1 a ko\u0161ele. To v\u0161ak \u010dasto nesta\u010d\u00ed. Chlapi sa ale v\u00e4\u010d\u0161inou obliekaj\u00fa do tmav\u00fdch farieb, preto n\u00e1js\u0165 nie\u010do na seba nie je a\u017e tak\u00fd ve\u013ek\u00fd probl\u00e9m.Ako sa obliec\u0165 sviato\u010dne? Ak idete niekam, kde sa mus\u00edte obliec\u0165 elegantne a pod\u013ea ur\u010dit\u00e9ho k\u00f3du, treba vyu\u017ei\u0165 aj in\u00e9 veci v skrini ako nohavicov\u00fd kost\u00fdm. Na seba si m\u00f4\u017eete da\u0165 plisovan\u00fa suk\u0148u, \u010di in\u00fa \u010diernu, ktor\u00e1 by nebola pr\u00edli\u0161 kr\u00e1tka. D\u013a\u017eku zvo\u013ete minim\u00e1lne po kolen\u00e1. Ak chcete doda\u0165 punc elegancie, zvo\u013ete dlh\u0161ie sako pod zadok, ktor\u00e9 navod\u00ed v\u00e1\u017enos\u0165 v\u00e1\u0161mu outfitu.Leto je probl\u00e9m Ka\u017ed\u00fd, kto u\u017e dr\u017eal sm\u00fatok vie, o \u010dom s\u00fa hor\u00face let\u00e1 a v\u00f4bec nie s\u00fa pr\u00edjemn\u00e9. Mnoh\u00fd maj\u00fa probl\u00e9m s t\u00fdm, ako sa obliec\u0165 a z\u00e1rove\u0148 nespoti\u0165 u\u017e po prv\u00fdch krokoch na slnku. Zvo\u013ete preto jemn\u00e9 a \u013eahk\u00e9 materi\u00e1ly. Samozrejmos\u0165ou by mali by\u0165 vo\u013en\u00e9 strihy, cez ktor\u00e9 bude vo\u013ene pr\u00fadi\u0165 vzduch. Ak h\u013ead\u00e1te nie\u010do namiesto otrepan\u00e9ho tri\u010dka, m\u00f4\u017eete vyu\u017ei\u0165 najnov\u0161\u00ed trend v podobe ko\u0161ie\u013eky na ramienka. Tie s\u00fa v m\u00f3de a z\u00e1rove\u0148 v r\u00f4znych farb\u00e1ch a vyhotoveniach. Vo ve\u013emi hor\u00facom po\u010das\u00ed nezabudnite na klob\u00fak, ktor\u00fd ochr\u00e1ni va\u0161u hlavu a aj zdravie.                                                                                                                                                                                                                                                                                                                                                                                        4.2\/5 - (12 votes)        "},{"@context":"https:\/\/schema.org\/","@type":"BreadcrumbList","itemListElement":[{"@type":"ListItem","position":1,"name":"\u010cierna a sm\u00fatok","item":"https:\/\/www.festigo.sk\/cierna-a-smutok\/#breadcrumbitem"}]}]