[{"@context":"https:\/\/schema.org\/","@type":"Article","@id":"https:\/\/www.festigo.sk\/budujeme-mury-miesto-mostov-budujeme-nenavist-miesto-pochopenia\/#Article","mainEntityOfPage":"https:\/\/www.festigo.sk\/budujeme-mury-miesto-mostov-budujeme-nenavist-miesto-pochopenia\/","headline":"Budujeme m\u00fary miesto mostov, budujeme nen\u00e1vis\u0165 miesto pochopenia","name":"Budujeme m\u00fary miesto mostov, budujeme nen\u00e1vis\u0165 miesto pochopenia","description":"Princ\u00edp segreg\u00e1cie ved\u00faci sa za ruku s rasovou nezn\u00e1\u0161anlivos\u0165ou, vyhroten\u00fdm koncom radik\u00e1lnych n\u00e1zorov a potenci\u00e1lnym dravcom nacionalizmu je pr\u00edtomn\u00fd v celom svojom rozsahu na na\u0161ej modrej plan\u00e9tke, ktor\u00e1 sa pri ka\u017edej pomyselnej [&hellip;]","datePublished":"2025-02-24","dateModified":"2025-02-24","author":{"@type":"Person","@id":"https:\/\/www.festigo.sk\/author\/#Person","name":"","url":"https:\/\/www.festigo.sk\/author\/","identifier":1,"image":{"@type":"ImageObject","@id":"https:\/\/secure.gravatar.com\/avatar\/68b3ed45b3ae6ecdad6bfa25b4077e93536d7764172b2830acbdb661d7242512?s=96&d=mm&r=g","url":"https:\/\/secure.gravatar.com\/avatar\/68b3ed45b3ae6ecdad6bfa25b4077e93536d7764172b2830acbdb661d7242512?s=96&d=mm&r=g","height":96,"width":96}},"publisher":{"@type":"Organization","name":"festigo.sk","logo":{"@type":"ImageObject","@id":"\/logo.png","url":"\/logo.png","width":600,"height":60}},"image":{"@type":"ImageObject","@id":"https:\/\/www.festigo.sk\/wp-content\/uploads\/img_a298390_w16668_t1553529091.jpg","url":"https:\/\/www.festigo.sk\/wp-content\/uploads\/img_a298390_w16668_t1553529091.jpg","height":0,"width":0},"url":"https:\/\/www.festigo.sk\/budujeme-mury-miesto-mostov-budujeme-nenavist-miesto-pochopenia\/","about":["Kult\u00fara"],"wordCount":620,"articleBody":"Princ\u00edp segreg\u00e1cie ved\u00faci sa za ruku s rasovou nezn\u00e1\u0161anlivos\u0165ou, vyhroten\u00fdm koncom radik\u00e1lnych n\u00e1zorov a potenci\u00e1lnym dravcom nacionalizmu je pr\u00edtomn\u00fd v celom svojom rozsahu na na\u0161ej modrej plan\u00e9tke, ktor\u00e1 sa pri ka\u017edej pomyselnej hre t\u00fdchto dramatick\u00fdch fenom\u00e9nov rozpam\u00e4t\u00e1va na krvav\u00e9 stopy v jej samotn\u00fdch dejin\u00e1ch. Rozdr\u00e1\u017eden\u00e9 rany hist\u00f3rie, ktor\u00e9 by mali sl\u00fa\u017ei\u0165 ako excelentn\u00fd pr\u00edklad pre bud\u00face sa neprehre\u0161enie a n\u00e1sledn\u00e9 nepo\u0161pinenie \u013eudsk\u00fdch pr\u00e1v a slob\u00f4d, v\u0161ak nie v\u017edy ur\u010duj\u00fa nasledovn\u00fd chod svetovej politiky. Svet na \u00fasvite 21. storo\u010dia \u010del\u00ed v\u00fdzve, ktor\u00e1 hl\u00e1sa n\u00e1vrat k tolerancii.\u00a0Vedzme, \u017ee tento ideologick\u00fd konflikt zalo\u017een\u00fd na rasovej, etnickej \u010di n\u00e1bo\u017eenskej nezn\u00e1\u0161anlivosti sa dot\u00fdka ka\u017ed\u00e9ho jedn\u00e9ho n\u00e1rodu, ka\u017edej jednej krajiny, ka\u017ed\u00e9ho regi\u00f3nu, mesta i jeho samotn\u00e9ho obyvate\u013ea. Eur\u00f3pska \u00fania sa dnes pohr\u00e1va s r\u00f4znorodos\u0165ou koncepci\u00ed, av\u0161ak v\u00e4\u010d\u0161ina z nich pramen\u00ed z ob\u00e1v a strachu, z pr\u00edpadn\u00e9ho nebezpe\u010denstva, ktor\u00e9 \u010d\u00edha na brehoch Stredomoria a postupuje vy\u0161\u0161ie. Buduj\u00fa sa m\u00fary, ploty a bari\u00e9ry. Tak ako na hranici Maced\u00f3nska so Srbskom, tak i Srbska s Ma\u010farskom. Tie m\u00fary v\u0161ak nepredstavuj\u00fa len fyzick\u00fd aspekt sl\u00fa\u017eiaci k predelu jednotliv\u00fdch \u00fazem\u00ed. Tie m\u00fary sa ocitaj\u00fa v \u013eudskej re\u010di, v myslen\u00ed jednotlivcov, v prezentovan\u00ed n\u00e1zorov a postrehov. Tie m\u00fary sa v podobe predsudkov z\u00fa\u010dast\u0148uj\u00fa na budovan\u00ed r\u00ed\u0161e extr\u00e9mistov, na ktor\u00fdch si Eur\u00f3pa pam\u00e4t\u00e1 z \u010dasov bl\u00e1zniv\u00e9ho a nenapravite\u013en\u00e9ho krviprelievania, ktor\u00e9 zamorilo b\u00e1jne regi\u00f3ny eur\u00f3pskej zeme.\u00a0\u010co dnes hl\u00e1saj\u00fa jazyky, z ktor\u00fdch pozost\u00e1va NA\u0160A Eur\u00f3pska \u00fania?\u00a0Xenof\u00f3bia vl\u00e1dne konzervat\u00edvcom a d\u00e1va pr\u00edle\u017eitos\u0165 politick\u00fdm strat\u00e9gom pre vedenie n\u00e1rodnostne orientovanej politiky. Krajiny Eur\u00f3pskej \u00fanie sa v predve\u010der volieb do Europarlamentu v\u00e4\u010d\u0161mi ako s my\u0161lienkou \u201ezjednoten\u00ed v rozmanitosti\u201c pohr\u00e1vaj\u00fa so z\u00e1sadami, ktor\u00e9 maj\u00fa upev\u0148ova\u0165 n\u00e1rodn\u00fa hrdos\u0165 a budova\u0165 vlasteneck\u00fa identitu. T\u00e1 identita, ktor\u00fa by mal poci\u0165ova\u0165 ka\u017ed\u00fd jeden n\u00e1rod n\u00e1m v\u0161ak nie je hrozbou. Hrozbou je jej znetvorenie. Vykon\u0161truovanie z \u00facty k vlastnej krajine len zberbu nedefinovate\u013en\u00fdch n\u00e1zorov vypusten\u00fdch \u00fastami radik\u00e1lnych skup\u00edn, ktor\u00e9 v kone\u010dnom d\u00f4sledku predstavuj\u00fa nebezpe\u010denstvo pre vedenie proeur\u00f3pskej politiky.\u00a0Eur\u00f3pska \u00fania n\u00e1m dnes sl\u00fa\u017ei ako slu\u0161n\u00fd garant slobody, kre\u00e1cie rozli\u010dn\u00fdch poh\u013eadov, je n\u00e1strojom propag\u00e1cie my\u0161lienok zo \u0161t\u00e1tu do \u0161t\u00e1tu, z n\u00e1roda k n\u00e1rodu. Mlad\u00fdm \u013eu\u010fom zaru\u010duje mo\u017enos\u0165 nahliadnu\u0165 do srdca odli\u0161nej kult\u00fary, sta\u0165 sa s\u00fa\u010das\u0165ou multikult\u00farnych projektov po\u010das \u0161t\u00fadia, ale i zna\u010dn\u00e9ho sebarozvoju v podobe pracovn\u00fdch pr\u00edle\u017eitost\u00ed. Milovn\u00edkom v\u00edna umo\u017e\u0148uje degustova\u0165 rozli\u010dn\u00e9 odrody hrozna vo svetovom mer\u00edtku, znalcom vo vedeckom sektore napom\u00e1ha k cie\u013eavedom\u00e9mu rozmachu kvarci\u00e1rneho sektoru a cestovate\u013eom, b\u00e1snikom a filozofom d\u00e1va podnet k zrodu dojmu. T\u00e1 fam\u00f3zna mo\u017enos\u0165 h\u00fdba\u0165 sa a spozn\u00e1va\u0165, t\u00e1 senz\u00e1cia, ke\u010f Berl\u00edn viac nepla\u010de pod tia\u017eou bet\u00f3nov\u00e9ho m\u00faru a Karpaty dovidia a\u017e k vod\u00e1m Atlantiku! Uvedomme si ten p\u00f4vab, ktor\u00fd sa zrodil v zjednoten\u00ed v rozmanitosti. Vedzme, \u017ee t\u00e1 rozmanitos\u0165 n\u00e1m d\u00e1va re\u00e1lny impulz pre spolo\u010dne veden\u00fd \u017eivot.                                                                                                                                                                                                                                                                                                                                                                                        3.9\/5 - (8 votes)        "},{"@context":"https:\/\/schema.org\/","@type":"BreadcrumbList","itemListElement":[{"@type":"ListItem","position":1,"name":"Budujeme m\u00fary miesto mostov, budujeme nen\u00e1vis\u0165 miesto pochopenia","item":"https:\/\/www.festigo.sk\/budujeme-mury-miesto-mostov-budujeme-nenavist-miesto-pochopenia\/#breadcrumbitem"}]}]